{"id":2795,"date":"2014-05-23T13:37:41","date_gmt":"2014-05-23T12:37:41","guid":{"rendered":"http:\/\/www.aphr.fr\/?p=2795"},"modified":"2022-02-03T14:50:00","modified_gmt":"2022-02-03T13:50:00","slug":"kinougarde","status":"publish","type":"post","link":"https:\/\/www.aphr.fr\/?p=2795","title":{"rendered":"Kinougarde"},"content":{"rendered":"<table border=\"20\" width=\"460\" cellspacing=\"5\" cellpadding=\"0\">\n<tbody>\n<tr>\n<td style=\"color: #000000;\" valign=\"top\" width=\"410\">\n<p align=\"center\"><strong style=\"font-weight: bold; color: #000000;\"><span style=\"color: #0080c0;\">Avec la carte A.P.H.R.<\/span><\/strong><\/p>\n<\/td>\n<\/tr>\n<\/tbody>\n<\/table>\n<table border=\"1\" width=\"457\" cellspacing=\"5\" cellpadding=\"0\">\n<tbody>\n<tr>\n<td style=\"color: #000000;\" valign=\"top\" width=\"445\">\n<table border=\"1\" width=\"496\" cellspacing=\"5\" cellpadding=\"0\">\n<tbody>\n<tr>\n<td style=\"color: #000000;\" valign=\"top\" width=\"262\"><a href=\"https:\/\/www.aphr.fr\/wp-content\/uploads\/2014\/05\/kinougarde.jpg\"><img loading=\"lazy\" decoding=\"async\" class=\"alignnone size-medium wp-image-2797\" src=\"https:\/\/www.aphr.fr\/wp-content\/uploads\/2014\/05\/kinougarde-300x146.jpg\" alt=\"kinougarde\" width=\"300\" height=\"146\" \/><\/a><\/td>\n<td style=\"color: #000000;\" valign=\"top\" width=\"217\">\n<p align=\"center\"><strong style=\"font-weight: bold; color: #000000;\">19, rue de la R\u00e9publique<\/strong><\/p>\n<p align=\"center\"><strong style=\"font-weight: bold; color: #000000;\">76000 Rouen<\/strong><\/p>\n<\/td>\n<\/tr>\n<\/tbody>\n<\/table>\n<h3 style=\"font-weight: bold; color: #b90065; text-align: center;\">Horaires d\u2019ouverture<\/h3>\n<p style=\"color: #51514f; text-align: center;\">du lundi au vendredi<br \/>\nde 9h \u00e0 19h<br \/>\net le samedi<br \/>\nde 9h \u00e0 13h<\/p>\n<p align=\"center\"><em style=\"font-style: italic;\">T\u00e9l : 02.35.52.03.65<\/em><\/p>\n<\/td>\n<\/tr>\n<\/tbody>\n<\/table>\n<table border=\"1\" width=\"450\" cellspacing=\"5\" cellpadding=\"0\">\n<tbody>\n<tr>\n<td style=\"color: #000000;\" valign=\"top\" width=\"450\">\n<table style=\"height: 357px;\" border=\"1\" width=\"719\" cellspacing=\"5\" cellpadding=\"0\">\n<tbody>\n<tr>\n<td style=\"color: #000000;\" valign=\"top\" width=\"233\">\n<h2 style=\"font-weight: bold; color: #87b915;\">La tranquillit\u00e9 apr\u00e8s l&rsquo;\u00e9cole !<\/h2>\n<p style=\"font-weight: inherit; font-style: inherit; color: inherit;\">\u00a0Les horaires de garde sont parfaitement adapt\u00e9s \u00e0 vos besoins<\/p>\n<ul style=\"color: #51514f;\">\n<li style=\"font-weight: inherit; font-style: inherit; color: #51514f;\">Votre enfant est au calme et serein chez lui en attendant votre retour.<\/li>\n<li style=\"font-weight: inherit; font-style: inherit; color: #51514f;\">Il retrouve son cadre de vie habituel apr\u00e8s une journ\u00e9e parfois fatigante.<\/li>\n<li style=\"font-weight: inherit; font-style: inherit; color: #51514f;\">D\u00e8s votre arriv\u00e9e \u00e0 la maison, vous pouvez profiter pleinement de lui.<\/li>\n<\/ul>\n<\/td>\n<td style=\"color: #000000;\" valign=\"top\" width=\"259\"><\/td>\n<\/tr>\n<\/tbody>\n<\/table>\n<p style=\"color: #51514f;\"><strong style=\"font-weight: bold; font-style: inherit;\">Kinougarde<\/strong>, sp\u00e9cialis\u00e9e dans la\u00a0<strong style=\"font-weight: bold; font-style: inherit;\">garde d&rsquo;enfants \u00e0 domicile<\/strong>,\u00a0fait partie du groupe\u00a0Compl\u00e9tude, cr\u00e9\u00e9 en 1984.<\/p>\n<p>Attentif et concern\u00e9 par\u00a0le\u00a0<strong style=\"font-weight: bold; font-style: inherit;\">bien \u00eatre de l&rsquo;enfant<\/strong>\u00a0et la\u00a0<strong style=\"font-weight: bold; font-style: inherit;\">tranquillit\u00e9 d&rsquo;esprit des parents,\u00a0<\/strong><strong style=\"font-weight: bold; font-style: inherit;\"><strong style=\"font-weight: bold; font-style: inherit;\">Kinougarde<\/strong><\/strong>\u00a0propose un service de garde d&rsquo;enfants de qualit\u00e9 pour\u00a0simplifier votre quotidien.<\/p>\n<p>Nous<strong style=\"font-weight: bold; font-style: inherit;\">\u00a0<\/strong>accordons une importance primordiale au\u00a0recrutement de nos\u00a0nounous\u00a0et\u00a0intervenantes.\u00a0Elles sont\u00a0s\u00e9lectionn\u00e9es en fonction de leurs\u00a0<strong style=\"font-weight: bold; font-style: inherit;\">comp\u00e9t\u00e9nces,<\/strong>\u00a0de leur\u00a0<strong style=\"font-weight: bold; font-style: inherit;\">exp\u00e9rience avec les enfants<\/strong>,\u00a0de leur\u00a0<strong style=\"font-weight: bold; font-style: inherit;\">motivation,<\/strong>\u00a0de\u00a0la qualit\u00e9 de\u00a0leurs\u00a0<strong style=\"font-weight: bold; font-style: inherit;\">r\u00e9flexes en\u00a0mati\u00e8re d&rsquo;hygi\u00e8ne et de s\u00e9curit\u00e9<\/strong>\u00a0et\u00a0de leur\u00a0capacit\u00e9 \u00e0\u00a0faire le\u00a0<strong style=\"font-weight: bold; font-style: inherit;\">suivi des devoirs.<br \/>\n<\/strong><br \/>\nKinougarde dispose d\u2019un agr\u00e9ment qualit\u00e9 N\u00b0 SAP 523 371 052 d\u00e9livr\u00e9 par le pr\u00e9fet de Paris apr\u00e8s avis du Conseil g\u00e9n\u00e9ral valable pour la\u00a0<strong style=\"font-weight: bold; font-style: inherit;\">garde d&rsquo;enfants 3-11 ans\u00a0<\/strong>dans toute la France.<\/p>\n<p style=\"color: #51514f;\"><strong style=\"font-weight: bold; font-style: inherit;\"><br \/>\nAu titre de cet agr\u00e9ment<\/strong>,\u00a0<strong style=\"font-weight: bold; font-style: inherit;\"><strong style=\"font-weight: bold; font-style: inherit;\">Kinougarde\u00a0<\/strong><\/strong>vous permet de b\u00e9n\u00e9ficier :<\/p>\n<ul style=\"color: #51514f;\">\n<li style=\"font-weight: inherit; font-style: inherit; color: #51514f;\">d&rsquo;une\u00a0<strong style=\"font-weight: bold; font-style: inherit;\">r\u00e9duction\/cr\u00e9dit d&rsquo;imp\u00f4t\u00a0de 50%<\/strong><\/li>\n<li style=\"font-weight: inherit; font-style: inherit; color: #51514f;\">d&rsquo;une\u00a0<strong style=\"font-weight: bold; font-style: inherit;\">aide de la CAF <\/strong>dans le cadre de la PAJE (sous conditions).<\/li>\n<\/ul>\n<p style=\"font-weight: inherit; font-style: inherit; color: inherit;\">\u00a0L&rsquo;\u00e9quipe\u00a0<strong style=\"font-weight: bold; font-style: inherit;\">Kinougarde<\/strong>\u00a0est \u00e0 votre disposition pour vous aider \u00e0 mettre en place tr\u00e8s rapidement la solution de garde d&rsquo;enfants dont vous avez besoin.<\/p>\n<\/td>\n<\/tr>\n<\/tbody>\n<\/table>\n","protected":false},"excerpt":{"rendered":"<p>Avec la carte A.P.H.R. 19, rue de la R\u00e9publique 76000 Rouen Horaires d\u2019ouverture du lundi au vendredi de 9h \u00e0 19h et le samedi de 9h \u00e0 13h T\u00e9l : [&hellip;]<\/p>\n","protected":false},"author":4,"featured_media":0,"comment_status":"open","ping_status":"open","sticky":false,"template":"","format":"standard","meta":{"_jetpack_memberships_contains_paid_content":false,"footnotes":""},"categories":[127],"tags":[],"class_list":["post-2795","post","type-post","status-publish","format-standard","hentry","category-nouveautes"],"jetpack_featured_media_url":"","jetpack_sharing_enabled":true,"_links":{"self":[{"href":"https:\/\/www.aphr.fr\/index.php?rest_route=\/wp\/v2\/posts\/2795","targetHints":{"allow":["GET"]}}],"collection":[{"href":"https:\/\/www.aphr.fr\/index.php?rest_route=\/wp\/v2\/posts"}],"about":[{"href":"https:\/\/www.aphr.fr\/index.php?rest_route=\/wp\/v2\/types\/post"}],"author":[{"embeddable":true,"href":"https:\/\/www.aphr.fr\/index.php?rest_route=\/wp\/v2\/users\/4"}],"replies":[{"embeddable":true,"href":"https:\/\/www.aphr.fr\/index.php?rest_route=%2Fwp%2Fv2%2Fcomments&post=2795"}],"version-history":[{"count":5,"href":"https:\/\/www.aphr.fr\/index.php?rest_route=\/wp\/v2\/posts\/2795\/revisions"}],"predecessor-version":[{"id":6343,"href":"https:\/\/www.aphr.fr\/index.php?rest_route=\/wp\/v2\/posts\/2795\/revisions\/6343"}],"wp:attachment":[{"href":"https:\/\/www.aphr.fr\/index.php?rest_route=%2Fwp%2Fv2%2Fmedia&parent=2795"}],"wp:term":[{"taxonomy":"category","embeddable":true,"href":"https:\/\/www.aphr.fr\/index.php?rest_route=%2Fwp%2Fv2%2Fcategories&post=2795"},{"taxonomy":"post_tag","embeddable":true,"href":"https:\/\/www.aphr.fr\/index.php?rest_route=%2Fwp%2Fv2%2Ftags&post=2795"}],"curies":[{"name":"wp","href":"https:\/\/api.w.org\/{rel}","templated":true}]}}